{"id":3789,"date":"2024-10-25T09:12:09","date_gmt":"2024-10-25T07:12:09","guid":{"rendered":"http:\/\/www.ljubljanamtbvikend.si\/?p=3789"},"modified":"2025-03-29T23:05:13","modified_gmt":"2025-03-29T22:05:13","slug":"parkiranje-v-bike-parku-ljubljana-dostop-nedelja-27-oktober","status":"publish","type":"post","link":"https:\/\/www.ljubljanamtbvikend.si\/en\/parkiranje-v-bike-parku-ljubljana-dostop-nedelja-27-oktober\/","title":{"rendered":"(Sloven\u0161\u010dina) Parkiranje v bike parku ljubljana &#038; dostop [nedelja, 27. oktober]"},"content":{"rendered":"<p class=\"qtranxs-available-languages-message qtranxs-available-languages-message-en\">Sorry, this entry is only available in <a href=\"https:\/\/www.ljubljanamtbvikend.si\/si\/wp-json\/wp\/v2\/posts\/3789\" class=\"qtranxs-available-language-link qtranxs-available-language-link-si\" title=\"Sloven\u0161\u010dina\">Sloven\u0161\u010dina<\/a>.<\/p><p>Parkiri\u0161\u010da za vse udele\u017eence se\u0161nov in obiskovalce Bike Parka Ljubljana bodo v nedeljo ozna\u010dena. Vsa tri obmo\u010dja so le kratek sprehod oddaljena od parka, le previdni bodite na cesti, ki bo v nedeljo normalno odprta.<br>Parkiranje na avtobusni postaji je prepovedano, prav tako bo zaprto manj\u0161e parkiri\u0161\u010de neposredno ob paviljonih.<\/p>\n\n\n\n<p>Na parkirnih povr\u0161inah sledite navodilom redarjev. Hvala za odli\u010dno sodelovanje!<\/p>\n\n\n\n<p>Rde\u010da pu\u0161\u010dica na zemljevidu prikazuje smer prihoda iz strani mesta oz. obvoznice.<\/p>\n\n\n\n<p>\u0160e raje pa vidimo, da se v park pripeljete s kolesom ali uporabite avtobus LPP \u0161tevilka 5.<\/p>\n\n\n\n<figure class=\"wp-block-image size-large\"><img loading=\"lazy\" decoding=\"async\" width=\"1024\" height=\"805\" src=\"http:\/\/www.ljubljanamtbvikend.si\/wp-content\/uploads\/2024\/10\/parkirisce-1024x805.jpg\" alt=\"\" class=\"wp-image-3790\" srcset=\"https:\/\/www.ljubljanamtbvikend.si\/wp-content\/uploads\/2024\/10\/parkirisce-1024x805.jpg 1024w, https:\/\/www.ljubljanamtbvikend.si\/wp-content\/uploads\/2024\/10\/parkirisce-300x236.jpg 300w, https:\/\/www.ljubljanamtbvikend.si\/wp-content\/uploads\/2024\/10\/parkirisce-768x604.jpg 768w, https:\/\/www.ljubljanamtbvikend.si\/wp-content\/uploads\/2024\/10\/parkirisce.jpg 1053w\" sizes=\"auto, (max-width: 1024px) 100vw, 1024px\" \/><\/figure>","protected":false},"excerpt":{"rendered":"<p>Sorry, this entry is only available in Sloven\u0161\u010dina. Parkiri\u0161\u010da za vse udele\u017eence se\u0161nov in obiskovalce Bike Parka Ljubljana bodo v nedeljo ozna\u010dena. Vsa tri obmo\u010dja so le kratek sprehod oddaljena &#8230;<\/p>\n","protected":false},"author":3,"featured_media":3790,"comment_status":"closed","ping_status":"closed","sticky":false,"template":"","format":"standard","meta":{"footnotes":""},"categories":[21],"tags":[],"class_list":["post-3789","post","type-post","status-publish","format-standard","has-post-thumbnail","hentry","category-novice"],"_links":{"self":[{"href":"https:\/\/www.ljubljanamtbvikend.si\/en\/wp-json\/wp\/v2\/posts\/3789","targetHints":{"allow":["GET"]}}],"collection":[{"href":"https:\/\/www.ljubljanamtbvikend.si\/en\/wp-json\/wp\/v2\/posts"}],"about":[{"href":"https:\/\/www.ljubljanamtbvikend.si\/en\/wp-json\/wp\/v2\/types\/post"}],"author":[{"embeddable":true,"href":"https:\/\/www.ljubljanamtbvikend.si\/en\/wp-json\/wp\/v2\/users\/3"}],"replies":[{"embeddable":true,"href":"https:\/\/www.ljubljanamtbvikend.si\/en\/wp-json\/wp\/v2\/comments?post=3789"}],"version-history":[{"count":0,"href":"https:\/\/www.ljubljanamtbvikend.si\/en\/wp-json\/wp\/v2\/posts\/3789\/revisions"}],"wp:featuredmedia":[{"embeddable":true,"href":"https:\/\/www.ljubljanamtbvikend.si\/en\/wp-json\/wp\/v2\/media\/3790"}],"wp:attachment":[{"href":"https:\/\/www.ljubljanamtbvikend.si\/en\/wp-json\/wp\/v2\/media?parent=3789"}],"wp:term":[{"taxonomy":"category","embeddable":true,"href":"https:\/\/www.ljubljanamtbvikend.si\/en\/wp-json\/wp\/v2\/categories?post=3789"},{"taxonomy":"post_tag","embeddable":true,"href":"https:\/\/www.ljubljanamtbvikend.si\/en\/wp-json\/wp\/v2\/tags?post=3789"}],"curies":[{"name":"wp","href":"https:\/\/api.w.org\/{rel}","templated":true}]}}