{"id":3682,"date":"2024-09-13T11:47:06","date_gmt":"2024-09-13T09:47:06","guid":{"rendered":"http:\/\/www.ljubljanamtbvikend.si\/?p=3682"},"modified":"2024-09-13T11:47:06","modified_gmt":"2024-09-13T09:47:06","slug":"v-nedeljo-bo-pestro-tudi-pod-golovcem","status":"publish","type":"post","link":"https:\/\/www.ljubljanamtbvikend.si\/en\/v-nedeljo-bo-pestro-tudi-pod-golovcem\/","title":{"rendered":"(Sloven\u0161\u010dina) V nedeljo bo pestro tudi pod Golovcem"},"content":{"rendered":"<p class=\"qtranxs-available-languages-message qtranxs-available-languages-message-en\">Sorry, this entry is only available in <a href=\"https:\/\/www.ljubljanamtbvikend.si\/si\/wp-json\/wp\/v2\/posts\/3682\" class=\"qtranxs-available-language-link qtranxs-available-language-link-si\" title=\"Sloven\u0161\u010dina\">Sloven\u0161\u010dina<\/a>.<\/p><p>Osrednje prizori\u0161\u010de nedeljske dirke Enduro Golovec trails bo seveda pri hotelu Urban Ring in restavraciji Cmoka\u010d (la\u010dni in \u017eejni seveda ne bomo), tam bo tudi nekaj znanih in novih razstavljalcev s svojimi izdelki, ki so vsekakor vredni obiska:<\/p>\n\n\n\n<p><strong>Golovec trails<\/strong> &#8211; vsi izdelki dru\u0161tva z najmanj 15 % popusta (kul majice, puloverji, dresi in hla\u010de)<\/p>\n\n\n\n<p><strong>FuramZase<\/strong> &#8211; prodaja nogavic in dresov edinstvene doma\u010de znamke<\/p>\n\n\n\n<p><strong>Extreme Vital<\/strong> &#8211; brezpla\u010dni test elektri\u010dnih koles Specialized<\/p>\n\n\n\n<p><strong>Peugeot<\/strong> &#8211; Predstavitev hibridnega modela 3008, ki zdru\u017euje najbolj\u0161e dveh svetov, majhno porabo goriva in zabavo v vo\u017enji, hkrati pa ob majhni bateriji, inovativnem menjalniku in elektri\u010dnem motorju obljublja veliko vo\u017enje na elektriko. Na ljubljanskih ulicah, medmestni vo\u017enji in avtocesti, so pri Peugeotu v praksi preverili u\u010dinkovitost blago hibridnega pogona.<\/p>\n\n\n\n<p><strong>APEAK creations<\/strong> &#8211; premierna predstavitev novega inovativnega nahrbtnika oz. nosilca za \u010delado tipa full-face. Tudi mo\u017enost testiranja.<\/p>\n\n\n\n<figure class=\"wp-block-gallery has-nested-images columns-default is-cropped wp-block-gallery-1 is-layout-flex wp-block-gallery-is-layout-flex\">\n<figure class=\"wp-block-image size-large\"><img loading=\"lazy\" decoding=\"async\" width=\"1024\" height=\"681\" data-id=\"3683\" src=\"http:\/\/www.ljubljanamtbvikend.si\/wp-content\/uploads\/2024\/09\/prizorisce-1-1024x681.jpg\" alt=\"\" class=\"wp-image-3683\" srcset=\"https:\/\/www.ljubljanamtbvikend.si\/wp-content\/uploads\/2024\/09\/prizorisce-1-1024x681.jpg 1024w, https:\/\/www.ljubljanamtbvikend.si\/wp-content\/uploads\/2024\/09\/prizorisce-1-300x200.jpg 300w, https:\/\/www.ljubljanamtbvikend.si\/wp-content\/uploads\/2024\/09\/prizorisce-1-768x511.jpg 768w, https:\/\/www.ljubljanamtbvikend.si\/wp-content\/uploads\/2024\/09\/prizorisce-1-1536x1022.jpg 1536w, https:\/\/www.ljubljanamtbvikend.si\/wp-content\/uploads\/2024\/09\/prizorisce-1.jpg 2000w\" sizes=\"auto, (max-width: 1024px) 100vw, 1024px\" \/><\/figure>\n\n\n\n<figure class=\"wp-block-image size-large\"><img loading=\"lazy\" decoding=\"async\" width=\"1024\" height=\"681\" data-id=\"3685\" src=\"http:\/\/www.ljubljanamtbvikend.si\/wp-content\/uploads\/2024\/09\/prizorisce-2-1024x681.jpg\" alt=\"\" class=\"wp-image-3685\" srcset=\"https:\/\/www.ljubljanamtbvikend.si\/wp-content\/uploads\/2024\/09\/prizorisce-2-1024x681.jpg 1024w, https:\/\/www.ljubljanamtbvikend.si\/wp-content\/uploads\/2024\/09\/prizorisce-2-300x200.jpg 300w, https:\/\/www.ljubljanamtbvikend.si\/wp-content\/uploads\/2024\/09\/prizorisce-2-768x511.jpg 768w, https:\/\/www.ljubljanamtbvikend.si\/wp-content\/uploads\/2024\/09\/prizorisce-2-1536x1022.jpg 1536w, https:\/\/www.ljubljanamtbvikend.si\/wp-content\/uploads\/2024\/09\/prizorisce-2.jpg 2000w\" sizes=\"auto, (max-width: 1024px) 100vw, 1024px\" \/><\/figure>\n\n\n\n<figure class=\"wp-block-image size-large\"><img loading=\"lazy\" decoding=\"async\" width=\"1024\" height=\"682\" data-id=\"3687\" src=\"http:\/\/www.ljubljanamtbvikend.si\/wp-content\/uploads\/2024\/09\/prizorisce-3-1024x682.jpg\" alt=\"\" class=\"wp-image-3687\" srcset=\"https:\/\/www.ljubljanamtbvikend.si\/wp-content\/uploads\/2024\/09\/prizorisce-3-1024x682.jpg 1024w, https:\/\/www.ljubljanamtbvikend.si\/wp-content\/uploads\/2024\/09\/prizorisce-3-300x200.jpg 300w, https:\/\/www.ljubljanamtbvikend.si\/wp-content\/uploads\/2024\/09\/prizorisce-3-768x512.jpg 768w, https:\/\/www.ljubljanamtbvikend.si\/wp-content\/uploads\/2024\/09\/prizorisce-3-1536x1024.jpg 1536w, https:\/\/www.ljubljanamtbvikend.si\/wp-content\/uploads\/2024\/09\/prizorisce-3.jpg 2000w\" sizes=\"auto, (max-width: 1024px) 100vw, 1024px\" \/><\/figure>\n\n\n\n<figure class=\"wp-block-image size-large\"><img loading=\"lazy\" decoding=\"async\" width=\"1024\" height=\"681\" data-id=\"3686\" src=\"http:\/\/www.ljubljanamtbvikend.si\/wp-content\/uploads\/2024\/09\/prizorisce-4-1024x681.jpg\" alt=\"\" class=\"wp-image-3686\" srcset=\"https:\/\/www.ljubljanamtbvikend.si\/wp-content\/uploads\/2024\/09\/prizorisce-4-1024x681.jpg 1024w, https:\/\/www.ljubljanamtbvikend.si\/wp-content\/uploads\/2024\/09\/prizorisce-4-300x200.jpg 300w, https:\/\/www.ljubljanamtbvikend.si\/wp-content\/uploads\/2024\/09\/prizorisce-4-768x511.jpg 768w, https:\/\/www.ljubljanamtbvikend.si\/wp-content\/uploads\/2024\/09\/prizorisce-4-1536x1022.jpg 1536w, https:\/\/www.ljubljanamtbvikend.si\/wp-content\/uploads\/2024\/09\/prizorisce-4.jpg 2000w\" sizes=\"auto, (max-width: 1024px) 100vw, 1024px\" \/><\/figure>\n\n\n\n<figure class=\"wp-block-image size-large\"><img loading=\"lazy\" decoding=\"async\" width=\"1024\" height=\"681\" data-id=\"3684\" src=\"http:\/\/www.ljubljanamtbvikend.si\/wp-content\/uploads\/2024\/09\/prizorisce-5-1024x681.jpg\" alt=\"\" class=\"wp-image-3684\" srcset=\"https:\/\/www.ljubljanamtbvikend.si\/wp-content\/uploads\/2024\/09\/prizorisce-5-1024x681.jpg 1024w, https:\/\/www.ljubljanamtbvikend.si\/wp-content\/uploads\/2024\/09\/prizorisce-5-300x200.jpg 300w, https:\/\/www.ljubljanamtbvikend.si\/wp-content\/uploads\/2024\/09\/prizorisce-5-768x511.jpg 768w, https:\/\/www.ljubljanamtbvikend.si\/wp-content\/uploads\/2024\/09\/prizorisce-5-1536x1022.jpg 1536w, https:\/\/www.ljubljanamtbvikend.si\/wp-content\/uploads\/2024\/09\/prizorisce-5.jpg 2000w\" sizes=\"auto, (max-width: 1024px) 100vw, 1024px\" \/><\/figure>\n<\/figure>","protected":false},"excerpt":{"rendered":"<p>Sorry, this entry is only available in Sloven\u0161\u010dina. Osrednje prizori\u0161\u010de nedeljske dirke Enduro Golovec trails bo seveda pri hotelu Urban Ring in restavraciji Cmoka\u010d (la\u010dni in \u017eejni seveda ne bomo), &#8230;<\/p>\n","protected":false},"author":3,"featured_media":3683,"comment_status":"closed","ping_status":"","sticky":false,"template":"","format":"standard","meta":{"footnotes":""},"categories":[1],"tags":[],"class_list":["post-3682","post","type-post","status-publish","format-standard","has-post-thumbnail","hentry","category-uncategorized"],"_links":{"self":[{"href":"https:\/\/www.ljubljanamtbvikend.si\/en\/wp-json\/wp\/v2\/posts\/3682","targetHints":{"allow":["GET"]}}],"collection":[{"href":"https:\/\/www.ljubljanamtbvikend.si\/en\/wp-json\/wp\/v2\/posts"}],"about":[{"href":"https:\/\/www.ljubljanamtbvikend.si\/en\/wp-json\/wp\/v2\/types\/post"}],"author":[{"embeddable":true,"href":"https:\/\/www.ljubljanamtbvikend.si\/en\/wp-json\/wp\/v2\/users\/3"}],"replies":[{"embeddable":true,"href":"https:\/\/www.ljubljanamtbvikend.si\/en\/wp-json\/wp\/v2\/comments?post=3682"}],"version-history":[{"count":0,"href":"https:\/\/www.ljubljanamtbvikend.si\/en\/wp-json\/wp\/v2\/posts\/3682\/revisions"}],"wp:featuredmedia":[{"embeddable":true,"href":"https:\/\/www.ljubljanamtbvikend.si\/en\/wp-json\/wp\/v2\/media\/3683"}],"wp:attachment":[{"href":"https:\/\/www.ljubljanamtbvikend.si\/en\/wp-json\/wp\/v2\/media?parent=3682"}],"wp:term":[{"taxonomy":"category","embeddable":true,"href":"https:\/\/www.ljubljanamtbvikend.si\/en\/wp-json\/wp\/v2\/categories?post=3682"},{"taxonomy":"post_tag","embeddable":true,"href":"https:\/\/www.ljubljanamtbvikend.si\/en\/wp-json\/wp\/v2\/tags?post=3682"}],"curies":[{"name":"wp","href":"https:\/\/api.w.org\/{rel}","templated":true}]}}