{"id":4380,"date":"2026-09-03T18:16:00","date_gmt":"2026-09-03T16:16:00","guid":{"rendered":"http:\/\/www.ljubljanamtbvikend.si\/?p=4380"},"modified":"2026-09-04T09:20:43","modified_gmt":"2026-09-04T07:20:43","slug":"se-nikoli-ni-tako-perfektno-letelo-ljubljana-mtb-vikend-2026-je-pred-vrati","status":"publish","type":"post","link":"http:\/\/www.ljubljanamtbvikend.si\/en\/se-nikoli-ni-tako-perfektno-letelo-ljubljana-mtb-vikend-2026-je-pred-vrati\/","title":{"rendered":"(Sloven\u0161\u010dina) \u0160e nikoli ni tako perfektno letelo! Ljubljana MTB Vikend 2026 je pred vrati!"},"content":{"rendered":"<p class=\"qtranxs-available-languages-message qtranxs-available-languages-message-en\">Sorry, this entry is only available in <a href=\"http:\/\/www.ljubljanamtbvikend.si\/si\/wp-json\/wp\/v2\/posts\/4380\" class=\"qtranxs-available-language-link qtranxs-available-language-link-si\" title=\"Sloven\u0161\u010dina\">Sloven\u0161\u010dina<\/a>.<\/p><p><strong>Vse je pripravljeno za 7. festival Ljubljana MTB Vikend powered by Mastercard (4.-6. september, Bike Park Ljubljana &amp; Golovec trails), v dneh pred festivalom je teste z odliko opravila tudi linija z velikim skokom. Skoki ne bodo dolgi kot v Planici, a za kolesarje je dobrih 15 metrov spodobna \u0161tevilka, predvsem pa je pomembno, da je prenovljen skok bolj varen in pripravljen na ve\u010dje trike!&nbsp;&nbsp;<\/strong><\/p>\n\n\n\n<p>Prenovljen in nadgrajen velik skok v Bike Parku Ljubljana je gostil prve testne skoke in spro\u017eil val navdu\u0161enja med kolesarji. <strong>Nejc Vantur <\/strong>je na kratko povzel: <em>\u201c\u0160e nikoli ni tako perfektno letelo!\u201d<\/em> Pri gradnji je ekipi <strong>Kolesarskega dru\u0161tva Rajd<\/strong> mo\u010dno pomagal <strong>Jan Per\u0161e <\/strong>(Batt Crew), ki svoje znanje v najve\u010dji meri izkazuje na Kopah, pa tudi na \u0161tevilnih drugih lokacijah. Skok je zrasel v vseh pogledih, idealna dol\u017eina leta pa je pribli\u017eno 15,5 metra, kar je dovolj za izvajanje zelo dobrih trikov. Na prvih \u201cse\u0161nih\u201d smo videli velikanske whipe in salte, glavni \u0161ov pa bo seveda v soboto popoldan, ko se bodo v zrak pognali <strong>\u0160pela Horvat, Tev\u017e Turk, Robert Sedmak, \u017diga Pandur, Naj Jane\u017ei\u010d, Nejc Vantur, Jo\u0161t \u0160trucelj, Jan Per\u0161e<\/strong> in \u0161tevilni drugi predstavniki doma\u010de scene. Dru\u017ebo pa jim bodo med drugim delali <strong>Karlo Filipec<\/strong> iz Hrva\u0161ke ter Avstrijca <strong>Philip Mischkuling in Georg Konrad<\/strong>. Za piko na i bo \u010dez glavo mno\u017eice priletel \u0161e kak\u0161en motor, vse skupaj pa bo povezoval in napovedoval eden in edini <strong>Kristjan Vre\u010dek<\/strong>! Noro bo!<\/p>\n\n\n\n<figure class=\"wp-block-embed is-type-video is-provider-youtube wp-block-embed-youtube wp-embed-aspect-16-9 wp-has-aspect-ratio\"><div class=\"wp-block-embed__wrapper\">\n<iframe loading=\"lazy\" title=\"\u0160e nikoli ni tako perfektno letelo! Nadgradnja velikega skoka v Bike Parku Ljubljana\" width=\"800\" height=\"450\" src=\"https:\/\/www.youtube.com\/embed\/8y94Ys0MRec?feature=oembed\" frameborder=\"0\" allow=\"accelerometer; autoplay; clipboard-write; encrypted-media; gyroscope; picture-in-picture; web-share\" referrerpolicy=\"strict-origin-when-cross-origin\" allowfullscreen><\/iframe>\n<\/div><\/figure>\n\n\n\n<p>Sobotno popoldne se bo sicer za\u010delo z <strong>mednarodnim tekmovanjem FMB<\/strong> v trikih, \u0161e pred tem pa bodo na svoj ra\u010dun pri\u0161li tudi mladi kolesarji, ki bodo lahko skakali v zra\u010dno blazino in se tako nau\u010dili nekaj novega. Sobota je seveda tudi dan za prvi etapi endura <strong>DUO SloEnduro Golovec trails<\/strong> in zabavno tekmovanje <strong>Argeta Junior KoloPark Pokal<\/strong>.<\/p>\n\n\n\n<p>Sobotni tekmovanji FMB in <strong>Bikehanic Big Line Show<\/strong> bosta vrhunec tridnevnega festivala za obiskovalce, na katerem je cela vrsta vrsta zabavnih tekmovanj, ki se jih lahko od petka do nedelje udele\u017eijo prakti\u010dno vsi kolesarji. Vel del festivala pa je namenjen tudi <strong>predstavitvi koles in opreme<\/strong>, za obiskovalce bo na voljo tudi testiranje koles Specialized. V petek in soboto bo sejemski del v Bike Parku Ljubljana, v nedeljo na na Rudniku pri hotelu Urban Ring, kjer je seveda izhodi\u0161\u010de za park <strong>Golovec trails<\/strong>.<\/p>\n\n\n\n<p><strong>Naj se festival za\u010dne!<\/strong><\/p>\n\n\n\n<p><strong><a href=\"https:\/\/ljubljanamtbvikend.si\/schedule.html\" target=\"_blank\" rel=\"noreferrer noopener\">Celoten program festivala.<\/a><\/strong><\/p>","protected":false},"excerpt":{"rendered":"<p>Sorry, this entry is only available in Sloven\u0161\u010dina. Vse je pripravljeno za 7. festival Ljubljana MTB Vikend powered by Mastercard (4.-6. september, Bike Park Ljubljana &amp; Golovec trails), v dneh &#8230;<\/p>\n","protected":false},"author":3,"featured_media":4381,"comment_status":"closed","ping_status":"closed","sticky":false,"template":"","format":"standard","meta":{"footnotes":""},"categories":[1],"tags":[],"class_list":["post-4380","post","type-post","status-publish","format-standard","has-post-thumbnail","hentry","category-uncategorized"],"_links":{"self":[{"href":"http:\/\/www.ljubljanamtbvikend.si\/en\/wp-json\/wp\/v2\/posts\/4380","targetHints":{"allow":["GET"]}}],"collection":[{"href":"http:\/\/www.ljubljanamtbvikend.si\/en\/wp-json\/wp\/v2\/posts"}],"about":[{"href":"http:\/\/www.ljubljanamtbvikend.si\/en\/wp-json\/wp\/v2\/types\/post"}],"author":[{"embeddable":true,"href":"http:\/\/www.ljubljanamtbvikend.si\/en\/wp-json\/wp\/v2\/users\/3"}],"replies":[{"embeddable":true,"href":"http:\/\/www.ljubljanamtbvikend.si\/en\/wp-json\/wp\/v2\/comments?post=4380"}],"version-history":[{"count":0,"href":"http:\/\/www.ljubljanamtbvikend.si\/en\/wp-json\/wp\/v2\/posts\/4380\/revisions"}],"wp:featuredmedia":[{"embeddable":true,"href":"http:\/\/www.ljubljanamtbvikend.si\/en\/wp-json\/wp\/v2\/media\/4381"}],"wp:attachment":[{"href":"http:\/\/www.ljubljanamtbvikend.si\/en\/wp-json\/wp\/v2\/media?parent=4380"}],"wp:term":[{"taxonomy":"category","embeddable":true,"href":"http:\/\/www.ljubljanamtbvikend.si\/en\/wp-json\/wp\/v2\/categories?post=4380"},{"taxonomy":"post_tag","embeddable":true,"href":"http:\/\/www.ljubljanamtbvikend.si\/en\/wp-json\/wp\/v2\/tags?post=4380"}],"curies":[{"name":"wp","href":"https:\/\/api.w.org\/{rel}","templated":true}]}}