{"id":3474,"date":"2023-09-16T09:39:14","date_gmt":"2023-09-16T07:39:14","guid":{"rendered":"http:\/\/www.ljubljanamtbvikend.si\/?p=3474"},"modified":"2023-09-16T09:39:14","modified_gmt":"2023-09-16T07:39:14","slug":"koncni-seznam-udelezencev-fmb-freestyle-contest-bikehanic-big-line-session","status":"publish","type":"post","link":"http:\/\/www.ljubljanamtbvikend.si\/en\/koncni-seznam-udelezencev-fmb-freestyle-contest-bikehanic-big-line-session\/","title":{"rendered":"(Sloven\u0161\u010dina) Kon\u010dni seznam udele\u017eencev &#8211; FMB Freestyle Contest &#038; Bikehanic Big Line Session"},"content":{"rendered":"<p class=\"qtranxs-available-languages-message qtranxs-available-languages-message-en\">Sorry, this entry is only available in <a href=\"http:\/\/www.ljubljanamtbvikend.si\/si\/wp-json\/wp\/v2\/posts\/3474\" class=\"qtranxs-available-language-link qtranxs-available-language-link-si\" title=\"Sloven\u0161\u010dina\">Sloven\u0161\u010dina<\/a>.<\/p><p>Deseterica za tekmovanje FMB in kon\u010dna trideseterica za Bikehanic Big Line Session (na liniji G-Shock) &#8211; med njimi tudi peterica, ki si je nastop na tekmovanju prislu\u017eila v\u010deraj! \u010cestitke, zdaj pa gasa in letet kolikor se le da!!<\/p>\n\n\n\n<p><strong>FMB FREESTYLE CONTEST<\/strong><br>Erik Kralj<br>Jon \u0160olar<br>Boris Martinez<br>An\u017ee Bazjako<br>Jacopo Ferracci<br>Bence Horvath<br>Maximilian Ladeck<br>Tev\u017e Turk<br>Pan Pi\u0161ljar<br>Boris Re\u017eabek<\/p>\n\n\n\n<p><strong>BIKEHANIC BIG LINE SESSION<\/strong><br>Boris Re\u017eabek<br>\u0160pela Horvat<br>David Pal\u010di\u010d<br>Jon \u0160olar<br>Nejc Vantur<br>Tadej Strah<br>Erik Kralj<br>Jan Per\u0161e<br>Robert Sedmak<br>Sebastian \u017dibert<br>\u017diga Pandur<br>Jakob Lorber<br>Naj Jane\u017ei\u010d<br>Jano\u0161 Herode\u017e<br>Domen Fekonja<br>Ange Jamin France<br>Miha Bu\u010dek<br>Martin Mlinar<br>Miha Tratnik Bajc<br>Jo\u0161t \u0160trucelj<br>Philipp Mischkulnig<br>Maks Vraz<br>Valter \u0160alter<br>Luka \u0160tupar<br>Jan Zupan<br>Nik Pavlin<br>\u017diga Lov\u0161in<br>Gabriel Nosan<br>Ga\u0161per Karlo\u0161ek<br>Taj Urbas<\/p>","protected":false},"excerpt":{"rendered":"<p>Sorry, this entry is only available in Sloven\u0161\u010dina. Deseterica za tekmovanje FMB in kon\u010dna trideseterica za Bikehanic Big Line Session (na liniji G-Shock) &#8211; med njimi tudi peterica, ki si &#8230;<\/p>\n","protected":false},"author":3,"featured_media":3455,"comment_status":"closed","ping_status":"","sticky":false,"template":"","format":"standard","meta":{"footnotes":""},"categories":[1],"tags":[],"class_list":["post-3474","post","type-post","status-publish","format-standard","has-post-thumbnail","hentry","category-uncategorized"],"_links":{"self":[{"href":"http:\/\/www.ljubljanamtbvikend.si\/en\/wp-json\/wp\/v2\/posts\/3474","targetHints":{"allow":["GET"]}}],"collection":[{"href":"http:\/\/www.ljubljanamtbvikend.si\/en\/wp-json\/wp\/v2\/posts"}],"about":[{"href":"http:\/\/www.ljubljanamtbvikend.si\/en\/wp-json\/wp\/v2\/types\/post"}],"author":[{"embeddable":true,"href":"http:\/\/www.ljubljanamtbvikend.si\/en\/wp-json\/wp\/v2\/users\/3"}],"replies":[{"embeddable":true,"href":"http:\/\/www.ljubljanamtbvikend.si\/en\/wp-json\/wp\/v2\/comments?post=3474"}],"version-history":[{"count":0,"href":"http:\/\/www.ljubljanamtbvikend.si\/en\/wp-json\/wp\/v2\/posts\/3474\/revisions"}],"wp:featuredmedia":[{"embeddable":true,"href":"http:\/\/www.ljubljanamtbvikend.si\/en\/wp-json\/wp\/v2\/media\/3455"}],"wp:attachment":[{"href":"http:\/\/www.ljubljanamtbvikend.si\/en\/wp-json\/wp\/v2\/media?parent=3474"}],"wp:term":[{"taxonomy":"category","embeddable":true,"href":"http:\/\/www.ljubljanamtbvikend.si\/en\/wp-json\/wp\/v2\/categories?post=3474"},{"taxonomy":"post_tag","embeddable":true,"href":"http:\/\/www.ljubljanamtbvikend.si\/en\/wp-json\/wp\/v2\/tags?post=3474"}],"curies":[{"name":"wp","href":"https:\/\/api.w.org\/{rel}","templated":true}]}}