{"id":3469,"date":"2023-09-15T09:19:26","date_gmt":"2023-09-15T07:19:26","guid":{"rendered":"http:\/\/www.ljubljanamtbvikend.si\/?p=3469"},"modified":"2023-09-15T09:20:28","modified_gmt":"2023-09-15T07:20:28","slug":"z-avtobusom-st-5-brezplacno-v-bike-park-ljubljana","status":"publish","type":"post","link":"http:\/\/www.ljubljanamtbvikend.si\/en\/z-avtobusom-st-5-brezplacno-v-bike-park-ljubljana\/","title":{"rendered":"(Sloven\u0161\u010dina) Z avtobusom \u0161t. 5 brezpla\u010dno v Bike Park Ljubljana"},"content":{"rendered":"<p class=\"qtranxs-available-languages-message qtranxs-available-languages-message-en\">Sorry, this entry is only available in <a href=\"http:\/\/www.ljubljanamtbvikend.si\/si\/wp-json\/wp\/v2\/posts\/3469\" class=\"qtranxs-available-language-link qtranxs-available-language-link-si\" title=\"Sloven\u0161\u010dina\">Sloven\u0161\u010dina<\/a>.<\/p><p>V soboto, 16. septembra 2023, vozi avtobus LPP \u0161t. 5 v Bike Park Ljubljana brezpla\u010dno! Samo stopi\u0161 na avtobus in \u0161oferju na zaslonu telefona poka\u017ee\u0161 letak za festival.<\/p>\n\n\n\n<p>Brezpla\u010dni prevoz deluje cel dan, v smer proti parku in nato nazaj iz parka.<\/p>\n\n\n\n<p>Letak za festival dobi\u0161 <a href=\"https:\/\/www.ljubljanamtbvikend.si\/wp-content\/uploads\/2023\/09\/plakat-online-1455x2048.jpg\" target=\"_blank\" rel=\"noreferrer noopener\">TUKAJ<\/a> ali tik pod to novico.<\/p>\n\n\n\n<p>Hvala Ljubljanskemu potni\u0161kemu prometu za to super gesto!<\/p>\n\n\n\n<figure class=\"wp-block-image size-large\"><img loading=\"lazy\" decoding=\"async\" width=\"727\" height=\"1024\" src=\"http:\/\/www.ljubljanamtbvikend.si\/wp-content\/uploads\/2023\/09\/plakat-online-727x1024.jpg\" alt=\"\" class=\"wp-image-3470\" srcset=\"http:\/\/www.ljubljanamtbvikend.si\/wp-content\/uploads\/2023\/09\/plakat-online-727x1024.jpg 727w, http:\/\/www.ljubljanamtbvikend.si\/wp-content\/uploads\/2023\/09\/plakat-online-213x300.jpg 213w, http:\/\/www.ljubljanamtbvikend.si\/wp-content\/uploads\/2023\/09\/plakat-online-768x1081.jpg 768w, http:\/\/www.ljubljanamtbvikend.si\/wp-content\/uploads\/2023\/09\/plakat-online-1091x1536.jpg 1091w, http:\/\/www.ljubljanamtbvikend.si\/wp-content\/uploads\/2023\/09\/plakat-online-1455x2048.jpg 1455w, http:\/\/www.ljubljanamtbvikend.si\/wp-content\/uploads\/2023\/09\/plakat-online-scaled.jpg 1818w\" sizes=\"auto, (max-width: 727px) 100vw, 727px\" \/><\/figure>","protected":false},"excerpt":{"rendered":"<p>Sorry, this entry is only available in Sloven\u0161\u010dina. V soboto, 16. septembra 2023, vozi avtobus LPP \u0161t. 5 v Bike Park Ljubljana brezpla\u010dno! Samo stopi\u0161 na avtobus in \u0161oferju na &#8230;<\/p>\n","protected":false},"author":3,"featured_media":3472,"comment_status":"closed","ping_status":"","sticky":false,"template":"","format":"standard","meta":{"footnotes":""},"categories":[1],"tags":[],"class_list":["post-3469","post","type-post","status-publish","format-standard","has-post-thumbnail","hentry","category-uncategorized"],"_links":{"self":[{"href":"http:\/\/www.ljubljanamtbvikend.si\/en\/wp-json\/wp\/v2\/posts\/3469","targetHints":{"allow":["GET"]}}],"collection":[{"href":"http:\/\/www.ljubljanamtbvikend.si\/en\/wp-json\/wp\/v2\/posts"}],"about":[{"href":"http:\/\/www.ljubljanamtbvikend.si\/en\/wp-json\/wp\/v2\/types\/post"}],"author":[{"embeddable":true,"href":"http:\/\/www.ljubljanamtbvikend.si\/en\/wp-json\/wp\/v2\/users\/3"}],"replies":[{"embeddable":true,"href":"http:\/\/www.ljubljanamtbvikend.si\/en\/wp-json\/wp\/v2\/comments?post=3469"}],"version-history":[{"count":0,"href":"http:\/\/www.ljubljanamtbvikend.si\/en\/wp-json\/wp\/v2\/posts\/3469\/revisions"}],"wp:featuredmedia":[{"embeddable":true,"href":"http:\/\/www.ljubljanamtbvikend.si\/en\/wp-json\/wp\/v2\/media\/3472"}],"wp:attachment":[{"href":"http:\/\/www.ljubljanamtbvikend.si\/en\/wp-json\/wp\/v2\/media?parent=3469"}],"wp:term":[{"taxonomy":"category","embeddable":true,"href":"http:\/\/www.ljubljanamtbvikend.si\/en\/wp-json\/wp\/v2\/categories?post=3469"},{"taxonomy":"post_tag","embeddable":true,"href":"http:\/\/www.ljubljanamtbvikend.si\/en\/wp-json\/wp\/v2\/tags?post=3469"}],"curies":[{"name":"wp","href":"https:\/\/api.w.org\/{rel}","templated":true}]}}