{"id":3462,"date":"2023-09-12T11:15:35","date_gmt":"2023-09-12T09:15:35","guid":{"rendered":"http:\/\/www.ljubljanamtbvikend.si\/?p=3462"},"modified":"2023-09-12T11:15:35","modified_gmt":"2023-09-12T09:15:35","slug":"enduro-golovec-trails-dva-dneva-dirkanja-na-dveh-koncih-ljubljane","status":"publish","type":"post","link":"http:\/\/www.ljubljanamtbvikend.si\/en\/enduro-golovec-trails-dva-dneva-dirkanja-na-dveh-koncih-ljubljane\/","title":{"rendered":"(Sloven\u0161\u010dina) Enduro Golovec trails: dva dneva dirkanja na dveh koncih Ljubljane"},"content":{"rendered":"<p class=\"qtranxs-available-languages-message qtranxs-available-languages-message-en\">Sorry, this entry is only available in <a href=\"http:\/\/www.ljubljanamtbvikend.si\/si\/wp-json\/wp\/v2\/posts\/3462\" class=\"qtranxs-available-language-link qtranxs-available-language-link-si\" title=\"Sloven\u0161\u010dina\">Sloven\u0161\u010dina<\/a>.<\/p><p>O kon\u010dni razvrstitvi SloEndura 2023 bo odlo\u010dala le \u0161e finalna dirka SloEnduro Grozni na prvi oktobrski dan, prej pa se ta konec tedna vidimo na promocijskem dogodku Enduro Golovec trails na festivalu Ljubljana MTB vikend!<\/p>\n\n\n\n<p><br>\u010ceprav ne prina\u0161a to\u010dk za lestvico SloEndura, je dirka na Golovcu sredi Ljubljane za marsikoga najpomembnej\u0161a ali kar edina dirka v sezoni. <strong>Lepo urejena mre\u017ea poti tako reko\u010d sredi mesta<\/strong>, kratke in ne prezahtevne hitrostne preizku\u0161nje, dobra dru\u017eba, malo tekmovalnosti \u2026<\/p>\n\n\n\n<p>Tudi letos bo tako ali \u0161e malo bolj\u0161e, obljubljajo prireditelji iz <strong>\u0160portnega dru\u0161tva Golovec trails<\/strong>. Velika novost \u0161este izvedbe je raz\u0161iritev na dva tekmovalna dneva na dveh lokacijah!<\/p>\n\n\n\n<p>Poleg nedeljskih preizku\u0161enj na Golovcu bo namre\u010d dirko gostil \u0161e <strong>Bike park Ljubljana<\/strong> na drugi strani mesta, v Podutiku. Tam bosta v soboto dve hitrostni preizku\u0161nji, nato pa v nedeljo na Golovcu \u0161e tri.<\/p>\n\n\n\n<figure class=\"wp-block-gallery has-nested-images columns-default is-cropped wp-block-gallery-1 is-layout-flex wp-block-gallery-is-layout-flex\">\n<figure class=\"wp-block-image size-large\"><img loading=\"lazy\" decoding=\"async\" width=\"1024\" height=\"683\" data-id=\"3465\" src=\"http:\/\/www.ljubljanamtbvikend.si\/wp-content\/uploads\/2023\/09\/1P1A5846-1024x683-1.jpg\" alt=\"\" class=\"wp-image-3465\" srcset=\"http:\/\/www.ljubljanamtbvikend.si\/wp-content\/uploads\/2023\/09\/1P1A5846-1024x683-1.jpg 1024w, http:\/\/www.ljubljanamtbvikend.si\/wp-content\/uploads\/2023\/09\/1P1A5846-1024x683-1-300x200.jpg 300w, http:\/\/www.ljubljanamtbvikend.si\/wp-content\/uploads\/2023\/09\/1P1A5846-1024x683-1-768x512.jpg 768w\" sizes=\"auto, (max-width: 1024px) 100vw, 1024px\" \/><\/figure>\n<\/figure>\n\n\n\n<p><strong>Sobota, Bike park Ljubljana<\/strong><br><strong>KD Rajd<\/strong> v Podutiku pripravlja povsem novi progi. Med 11. in 13. uro ju bodo udele\u017eenci spoznavali na krogu za trening, dirka se za\u010dne ob 14. uri.<\/p>\n\n\n\n<p>V soboto se bo v Bike parku Ljubljana dogajajo \u0161e marsikaj ne-dirka\u0161kega, kot je <strong>slopestyle tekmovanje serije FMB in Bikehanic Big line session na veliki liniji (G-Shock linija),<\/strong> pa zabava, tako da ne bomo nikomur zamerili, \u010de pozabi, da ima naslednji dan \u0161e tri petine dirke \u2026<\/p>\n\n\n\n<p><strong>Nedelja, Golovec trails<\/strong><br>Na znanih in neznanih progah Golovec trails (tudi letos bo nekaj novih kombinacij prog) se trening za\u010dne ob 9. uri in zaklju\u010di opoldne, ob 13. uri pa se udele\u017eenci za\u010dnejo izpred Urban ringa odpravljati proti prvi od treh hitrostnih preizku\u0161enj.<\/p>\n\n\n\n<p><strong>Skupaj to pomeni \u2026<\/strong><br>Vi\u0161inska razlika \u00bbplezanja\u00ab in spu\u0161\u010danja v dveh dneh bo skupaj s treningom za pet etap zna\u0161ala pribli\u017eno 1200 vi\u0161inskih metrov. Kratka trasa za kategoriji U13 in U15 zdru\u017euje dve sobotni in dve nedeljski etapi, e-kolesarje pa v soboto \u010dakata obe, v nedeljo pa skupaj z eno navzgor kar \u0161tiri preizku\u0161nje.<\/p>\n\n\n\n<p>Vremenska napoved je dobra, tako da udele\u017eence najverjetneje pri\u010dakajo pra\u0161ne proge.<\/p>\n\n\n\n<p>Natan\u010dno traso obeh dni objavimo v petek.<\/p>\n\n\n\n<p><strong>Kategorije, nagrade<\/strong><br>Kot vedno, so na Golovcu starostne kategorije bolj razdrobljene kot tiste v seriji, tudi kolesarke so lo\u010dene v dve starostni kategoriji. Tudi nagrade so lepe, vklju\u010dno z denarnimi, ki so pri nas kar redkost.<\/p>\n\n\n\n<p>Podrobnosti v razpisu, tam so tudi prijave, ki so odprte \u0161e ves \u010detrtek. \u010ce do zaklju\u010dka prijav ne bo dose\u017eeno najve\u010dje mo\u017eno \u0161tevilo udele\u017eencev (250), lahko \u0161e zaprosite za prijavo.<\/p>\n\n\n\n<p><strong>POVEZAVE<\/strong><br><a href=\"http:\/\/www.sloenduro.com\/enduro-golovec-trails-2023\/\" target=\"_blank\" rel=\"noreferrer noopener\">Razpis in prijave na Enduro Golovec trails 2023<\/a><br><a href=\"https:\/\/www.facebook.com\/events\/837134370874517\" target=\"_blank\" rel=\"noreferrer noopener\">Dogodek na Facebooku<\/a><br>Celoten spored festivala Ljubljana MTB vikend na <a href=\"https:\/\/www.ljubljanamtbvikend.si\/\" target=\"_blank\" rel=\"noreferrer noopener\">www.ljubljanamtbvikend.si<\/a><\/p>\n\n\n\n<figure class=\"wp-block-image size-full\"><img loading=\"lazy\" decoding=\"async\" width=\"723\" height=\"1024\" src=\"http:\/\/www.ljubljanamtbvikend.si\/wp-content\/uploads\/2023\/09\/endurogolovec23_PLAKAT_1600px-723x1024-1.jpg\" alt=\"\" class=\"wp-image-3463\" srcset=\"http:\/\/www.ljubljanamtbvikend.si\/wp-content\/uploads\/2023\/09\/endurogolovec23_PLAKAT_1600px-723x1024-1.jpg 723w, http:\/\/www.ljubljanamtbvikend.si\/wp-content\/uploads\/2023\/09\/endurogolovec23_PLAKAT_1600px-723x1024-1-212x300.jpg 212w\" sizes=\"auto, (max-width: 723px) 100vw, 723px\" \/><\/figure>\n\n\n\n<figure class=\"wp-block-image size-full\"><img loading=\"lazy\" decoding=\"async\" width=\"1024\" height=\"724\" src=\"http:\/\/www.ljubljanamtbvikend.si\/wp-content\/uploads\/2023\/09\/ljmtbvikend23-zemljevid_1600px1-1024x724-1.jpg\" alt=\"\" class=\"wp-image-3464\" srcset=\"http:\/\/www.ljubljanamtbvikend.si\/wp-content\/uploads\/2023\/09\/ljmtbvikend23-zemljevid_1600px1-1024x724-1.jpg 1024w, http:\/\/www.ljubljanamtbvikend.si\/wp-content\/uploads\/2023\/09\/ljmtbvikend23-zemljevid_1600px1-1024x724-1-300x212.jpg 300w, http:\/\/www.ljubljanamtbvikend.si\/wp-content\/uploads\/2023\/09\/ljmtbvikend23-zemljevid_1600px1-1024x724-1-768x543.jpg 768w\" sizes=\"auto, (max-width: 1024px) 100vw, 1024px\" \/><\/figure>","protected":false},"excerpt":{"rendered":"<p>Sorry, this entry is only available in Sloven\u0161\u010dina. O kon\u010dni razvrstitvi SloEndura 2023 bo odlo\u010dala le \u0161e finalna dirka SloEnduro Grozni na prvi oktobrski dan, prej pa se ta konec &#8230;<\/p>\n","protected":false},"author":3,"featured_media":3466,"comment_status":"closed","ping_status":"","sticky":false,"template":"","format":"standard","meta":{"footnotes":""},"categories":[1],"tags":[],"class_list":["post-3462","post","type-post","status-publish","format-standard","has-post-thumbnail","hentry","category-uncategorized"],"_links":{"self":[{"href":"http:\/\/www.ljubljanamtbvikend.si\/en\/wp-json\/wp\/v2\/posts\/3462","targetHints":{"allow":["GET"]}}],"collection":[{"href":"http:\/\/www.ljubljanamtbvikend.si\/en\/wp-json\/wp\/v2\/posts"}],"about":[{"href":"http:\/\/www.ljubljanamtbvikend.si\/en\/wp-json\/wp\/v2\/types\/post"}],"author":[{"embeddable":true,"href":"http:\/\/www.ljubljanamtbvikend.si\/en\/wp-json\/wp\/v2\/users\/3"}],"replies":[{"embeddable":true,"href":"http:\/\/www.ljubljanamtbvikend.si\/en\/wp-json\/wp\/v2\/comments?post=3462"}],"version-history":[{"count":0,"href":"http:\/\/www.ljubljanamtbvikend.si\/en\/wp-json\/wp\/v2\/posts\/3462\/revisions"}],"wp:featuredmedia":[{"embeddable":true,"href":"http:\/\/www.ljubljanamtbvikend.si\/en\/wp-json\/wp\/v2\/media\/3466"}],"wp:attachment":[{"href":"http:\/\/www.ljubljanamtbvikend.si\/en\/wp-json\/wp\/v2\/media?parent=3462"}],"wp:term":[{"taxonomy":"category","embeddable":true,"href":"http:\/\/www.ljubljanamtbvikend.si\/en\/wp-json\/wp\/v2\/categories?post=3462"},{"taxonomy":"post_tag","embeddable":true,"href":"http:\/\/www.ljubljanamtbvikend.si\/en\/wp-json\/wp\/v2\/tags?post=3462"}],"curies":[{"name":"wp","href":"https:\/\/api.w.org\/{rel}","templated":true}]}}