{"id":3134,"date":"2022-09-20T13:46:49","date_gmt":"2022-09-20T11:46:49","guid":{"rendered":"http:\/\/www.ljubljanamtbvikend.si\/?p=3134"},"modified":"2023-04-02T17:03:51","modified_gmt":"2023-04-02T15:03:51","slug":"enduro-golovec-trails-peta-izvedba-za-petko","status":"publish","type":"post","link":"http:\/\/www.ljubljanamtbvikend.si\/en\/enduro-golovec-trails-peta-izvedba-za-petko\/","title":{"rendered":"(Sloven\u0161\u010dina) Enduro Golovec trails | Peta izvedba za petko"},"content":{"rendered":"<p class=\"qtranxs-available-languages-message qtranxs-available-languages-message-en\">Sorry, this entry is only available in <a href=\"http:\/\/www.ljubljanamtbvikend.si\/si\/wp-json\/wp\/v2\/posts\/3134\" class=\"qtranxs-available-language-link qtranxs-available-language-link-si\" title=\"Sloven\u0161\u010dina\">Sloven\u0161\u010dina<\/a>.<\/p><p>Po koncu pokalne serije SloEnduro \u0161e malo bolj spro\u0161\u010deno dirkanje v Ljubljani v okviru festivala Ljubljana MTB vikend.<\/p>\n\n\n\n<p>Dvestoterica udele\u017eencev se v nedeljo ni ustra\u0161ila nekaj blata na progi pete izvedbe enduro dirke na Golovec trails, sistemu urejenih poti za gorske kolesarje na gri\u010du nedale\u010d od sredi\u0161\u010da slovenske prestolnice, ki je po zaslugi istoimenskega dru\u0161tva v Sloveniji oral ledino tovrstne ponudbe.<\/p>\n\n\n\n<p>Po sili razmer je enduro tokrat tudi odprl festival Ljubljana MTB vikend. Petkov in sobotni program v Bike parku Ljubljana in KoloParku Spodnja \u0160i\u0161ka so namre\u010d zaradi de\u017eja prestavili na popoldneve od srede 21. do petka 23. t.m., glej novi spored.<br><a href=\"http:\/\/ljubljanamtbvikend.si\/#schedule\" target=\"_blank\" rel=\"noreferrer noopener\">http:\/\/ljubljanamtbvikend.si\/#schedule<\/a><\/p>\n\n\n\n<p>Po lovu na to\u010dke tokrat \u0161e bolj spro\u0161\u010deno<\/p>\n\n\n\n<figure class=\"wp-block-image size-large\"><img loading=\"lazy\" decoding=\"async\" width=\"1024\" height=\"683\" src=\"http:\/\/www.ljubljanamtbvikend.si\/wp-content\/uploads\/2022\/09\/220918-endgt-216-1024x683.jpg\" alt=\"\" class=\"wp-image-3149\" srcset=\"http:\/\/www.ljubljanamtbvikend.si\/wp-content\/uploads\/2022\/09\/220918-endgt-216-1024x683.jpg 1024w, http:\/\/www.ljubljanamtbvikend.si\/wp-content\/uploads\/2022\/09\/220918-endgt-216-300x200.jpg 300w, http:\/\/www.ljubljanamtbvikend.si\/wp-content\/uploads\/2022\/09\/220918-endgt-216-768x512.jpg 768w, http:\/\/www.ljubljanamtbvikend.si\/wp-content\/uploads\/2022\/09\/220918-endgt-216-1536x1024.jpg 1536w, http:\/\/www.ljubljanamtbvikend.si\/wp-content\/uploads\/2022\/09\/220918-endgt-216-2048x1365.jpg 2048w\" sizes=\"auto, (max-width: 1024px) 100vw, 1024px\" \/><\/figure>\n\n\n\n<p>Po sezoni dirk SloEnduro v Sloveniji in na Hrva\u0161kem \u2013 letos jih je kar sedem \u0161telo za to\u010dke \u2013 je bil \u010das za promocijsko prireditev <strong>Enduro Golovec trails<\/strong>, ki vsako leto pritegne veliko \u0161tevilo udele\u017eencev. Od pokalnih dirk, ki \u017eelijo biti izziv za najbolj\u0161e in stopnica do nastopanja na mednarodnih dirkah, se razlikuje po manj zahtevni trasi, preprostej\u0161ih pravilih in ve\u010d starostnih kategorijah.<\/p>\n\n\n\n<p>Tako je bilo tudi tokrat ob zagretih nadobudne\u017eih in nekaj starih dirka\u0161kih ma\u010dkih na startni listi in ob le nekaj gostih iz Hrva\u0161ke in Italije veliko novih imen, ki se morda v naslednji sezoni poskusijo \u0161e na kak\u0161ni \u00bbliga\u0161ki\u00ab dirki \u2013 ali vsaj zopet na istem mestu, ko bo na hribu brez dvoma spet kak\u0161na nova proga ali vsaj odsek.<\/p>\n\n\n\n<p>Kar se ti\u010de mokrote: sonce se je posijalo prav na start ob 11. uri, na hribu je bilo sicer kar nekaj valjanja po tleh, a brez pravega dela za re\u0161evalce, neprimerno ve\u010d je bilo \u0161irokih nasmehov in veselja po opravljeni dirki.<\/p>\n\n\n\n<figure class=\"wp-block-image size-large\"><img loading=\"lazy\" decoding=\"async\" width=\"1024\" height=\"683\" src=\"http:\/\/www.ljubljanamtbvikend.si\/wp-content\/uploads\/2022\/09\/220918-endgt-217-1024x683.jpg\" alt=\"\" class=\"wp-image-3151\" srcset=\"http:\/\/www.ljubljanamtbvikend.si\/wp-content\/uploads\/2022\/09\/220918-endgt-217-1024x683.jpg 1024w, http:\/\/www.ljubljanamtbvikend.si\/wp-content\/uploads\/2022\/09\/220918-endgt-217-300x200.jpg 300w, http:\/\/www.ljubljanamtbvikend.si\/wp-content\/uploads\/2022\/09\/220918-endgt-217-768x512.jpg 768w, http:\/\/www.ljubljanamtbvikend.si\/wp-content\/uploads\/2022\/09\/220918-endgt-217-1536x1024.jpg 1536w, http:\/\/www.ljubljanamtbvikend.si\/wp-content\/uploads\/2022\/09\/220918-endgt-217-2048x1365.jpg 2048w\" sizes=\"auto, (max-width: 1024px) 100vw, 1024px\" \/><\/figure>\n\n\n\n<p><strong>Najhitrej\u0161i<\/strong><br>Na vrhu absolutne razvrstitve dolge trase s \u0161tirimi hitrostnimi preizku\u0161njami so kon\u010dali \u00bbobi\u010dajni osumljenci\u00ab, znotraj starostnih kategorij pa tudi kak\u0161ni presenetljivi ali povsem neznani.<\/p>\n\n\n\n<p>Za skupno zmago sta se udarila <strong>David Ivartnik<\/strong> (Golovec trails) in<strong> Jure \u017dabjek<\/strong>, zares prvi sosed Golovec trails, tokrat tudi on izjemoma za doma\u010di klub. Na prvi etapi je bil najhitrej\u0161i David, potem pa ga je za\u010del malo lomiti, Jure pa je pospe\u0161il in dobil ostale tri ter zmagal s 16 sekundami prednosti. S tretjim mestom je malenkost presenetil mladinec <strong>Rok Svete<\/strong> (Golovec trails), sicer 7. v svoji kategoriji na dr\u017eavnem prvenstvu. Najvi\u0161je je bil na prvi etapi na 3. mestu, na koncu je za Juretom zaostal 38 sekund.<\/p>\n\n\n\n<p>Med \u017eenskami je zmagala <strong>Nika Pe\u010dan<\/strong> (Rajd Ljubljana) pred <strong>Majo Vojska<\/strong> (MBK \u010crni Vrh) in klubsko kolegico <strong>Kajo Berginc<\/strong>.<\/p>\n\n\n\n<p>Tekmovalci na e-kolesih so se pomerili \u0161e na etapi ve\u010d, a so prireditelji na koncu etapo, ki je vodila navzgor (t.i. \u00bbpower stage\u00ab) odpovedali, saj je kar nekaj udele\u017eencev zgre\u0161ilo traso. Odpoved ni \u0161kodila <strong>Iztoku Slapniku<\/strong> (Golovec trails), ki je bil najhitrej\u0161i na vseh ostalih etapah in je zmagal z 22 sekundami prednosti pred drugouvr\u0161\u010denim <strong>Rokom Perkom<\/strong>, tretji je bil <strong>Tadej Tekav\u010di\u010d<\/strong> (Golovec trails).<\/p>\n\n\n\n<figure class=\"wp-block-image size-large\"><img loading=\"lazy\" decoding=\"async\" width=\"1024\" height=\"683\" src=\"http:\/\/www.ljubljanamtbvikend.si\/wp-content\/uploads\/2022\/09\/220918-endgt-141-1024x683.jpg\" alt=\"\" class=\"wp-image-3144\" srcset=\"http:\/\/www.ljubljanamtbvikend.si\/wp-content\/uploads\/2022\/09\/220918-endgt-141-1024x683.jpg 1024w, http:\/\/www.ljubljanamtbvikend.si\/wp-content\/uploads\/2022\/09\/220918-endgt-141-300x200.jpg 300w, http:\/\/www.ljubljanamtbvikend.si\/wp-content\/uploads\/2022\/09\/220918-endgt-141-768x512.jpg 768w, http:\/\/www.ljubljanamtbvikend.si\/wp-content\/uploads\/2022\/09\/220918-endgt-141-1536x1024.jpg 1536w, http:\/\/www.ljubljanamtbvikend.si\/wp-content\/uploads\/2022\/09\/220918-endgt-141-2048x1365.jpg 2048w\" sizes=\"auto, (max-width: 1024px) 100vw, 1024px\" \/><\/figure>\n\n\n\n<p><strong>Na kratki trasi<br><\/strong>Kratka trasa, na kateri se je pomerilo kar 64 mladih tekmovalcev kategorij U13 in U15, je izpustila le zadnjo preizku\u0161njo dolge. V kategoriji U15 je bil po padcu na prvi etapi najhitrej\u0161i <strong>A\u017ebe Kalin\u0161ek<\/strong> (Bikehanic \u2013 20 Chocolate), sledila sta <strong>Tine Gra\u010dner <\/strong>(Golovec trails) in <strong>Ian Laharnar<\/strong> (Kamplc racing team). V najmlaj\u0161i kategoriji U13 je zmagal <strong>Kostja Matijevec Jerman<\/strong> (Golovec trails) pred letos v SloEnduru nepremaganim <strong>Jakobom Pra\u010dkom<\/strong> (Kamplc racing team) in <strong>Galom Kra\u0161ovicem<\/strong> (Golovec trails).<\/p>\n\n\n\n<p>Med dekleti do 15 let je <strong>Eva Zala Stergar<\/strong> (DGK Pohorje \u2013 Spank team) prehitela <strong>Patricijo Mihajlovi\u010d<\/strong> (Rajd Ljubljana), v kategoriji U13 je nastopila le <strong>Eva Podvornik<\/strong> (DGK Pohorje \u2013 Spank team).<\/p>\n\n\n\n<p>Vsi vrstni redi&nbsp;<a href=\"http:\/\/www.sloenduro.com\/rezultati-2022\/\">http:\/\/www.sloenduro.com\/rezultati-2022\/<\/a><\/p>\n\n\n\n<p>Vabljeni na nadaljevanje Ljubljana MTB vikenda. V nasprotju z imenom torej ostali dogodki festivala sledijo med tednom popoldne in zve\u010der. Vse o festivalu najdete na&nbsp;<a href=\"http:\/\/ljubljanamtbvikend.si\/\">http:\/\/ljubljanamtbvikend.si\/<\/a><\/p>\n\n\n\n<p><em>Fotografije Grega Stopar<\/em><\/p>\n\n\n\n<figure class=\"wp-block-gallery has-nested-images columns-2 is-cropped wp-block-gallery-1 is-layout-flex wp-block-gallery-is-layout-flex\">\n<figure class=\"wp-block-image size-large\"><img loading=\"lazy\" decoding=\"async\" width=\"1024\" height=\"683\" data-id=\"3135\" src=\"http:\/\/www.ljubljanamtbvikend.si\/wp-content\/uploads\/2022\/09\/220918-endgt-13-1024x683.jpg\" alt=\"\" class=\"wp-image-3135\" srcset=\"http:\/\/www.ljubljanamtbvikend.si\/wp-content\/uploads\/2022\/09\/220918-endgt-13-1024x683.jpg 1024w, http:\/\/www.ljubljanamtbvikend.si\/wp-content\/uploads\/2022\/09\/220918-endgt-13-300x200.jpg 300w, http:\/\/www.ljubljanamtbvikend.si\/wp-content\/uploads\/2022\/09\/220918-endgt-13-768x512.jpg 768w, http:\/\/www.ljubljanamtbvikend.si\/wp-content\/uploads\/2022\/09\/220918-endgt-13-1536x1024.jpg 1536w, http:\/\/www.ljubljanamtbvikend.si\/wp-content\/uploads\/2022\/09\/220918-endgt-13-2048x1365.jpg 2048w\" sizes=\"auto, (max-width: 1024px) 100vw, 1024px\" \/><\/figure>\n\n\n\n<figure class=\"wp-block-image size-large\"><img loading=\"lazy\" decoding=\"async\" width=\"1024\" height=\"683\" data-id=\"3137\" src=\"http:\/\/www.ljubljanamtbvikend.si\/wp-content\/uploads\/2022\/09\/220918-endgt-43-1024x683.jpg\" alt=\"\" class=\"wp-image-3137\" srcset=\"http:\/\/www.ljubljanamtbvikend.si\/wp-content\/uploads\/2022\/09\/220918-endgt-43-1024x683.jpg 1024w, http:\/\/www.ljubljanamtbvikend.si\/wp-content\/uploads\/2022\/09\/220918-endgt-43-300x200.jpg 300w, http:\/\/www.ljubljanamtbvikend.si\/wp-content\/uploads\/2022\/09\/220918-endgt-43-768x512.jpg 768w, http:\/\/www.ljubljanamtbvikend.si\/wp-content\/uploads\/2022\/09\/220918-endgt-43-1536x1024.jpg 1536w, http:\/\/www.ljubljanamtbvikend.si\/wp-content\/uploads\/2022\/09\/220918-endgt-43-2048x1365.jpg 2048w\" sizes=\"auto, (max-width: 1024px) 100vw, 1024px\" \/><\/figure>\n\n\n\n<figure class=\"wp-block-image size-large\"><img loading=\"lazy\" decoding=\"async\" width=\"1024\" height=\"683\" data-id=\"3136\" src=\"http:\/\/www.ljubljanamtbvikend.si\/wp-content\/uploads\/2022\/09\/220918-endgt-69-1024x683.jpg\" alt=\"\" class=\"wp-image-3136\" srcset=\"http:\/\/www.ljubljanamtbvikend.si\/wp-content\/uploads\/2022\/09\/220918-endgt-69-1024x683.jpg 1024w, http:\/\/www.ljubljanamtbvikend.si\/wp-content\/uploads\/2022\/09\/220918-endgt-69-300x200.jpg 300w, http:\/\/www.ljubljanamtbvikend.si\/wp-content\/uploads\/2022\/09\/220918-endgt-69-768x512.jpg 768w, http:\/\/www.ljubljanamtbvikend.si\/wp-content\/uploads\/2022\/09\/220918-endgt-69-1536x1024.jpg 1536w, http:\/\/www.ljubljanamtbvikend.si\/wp-content\/uploads\/2022\/09\/220918-endgt-69-2048x1365.jpg 2048w\" sizes=\"auto, (max-width: 1024px) 100vw, 1024px\" \/><\/figure>\n\n\n\n<figure class=\"wp-block-image size-large\"><img loading=\"lazy\" decoding=\"async\" width=\"1024\" height=\"683\" data-id=\"3140\" src=\"http:\/\/www.ljubljanamtbvikend.si\/wp-content\/uploads\/2022\/09\/220918-endgt-72-1024x683.jpg\" alt=\"\" class=\"wp-image-3140\" srcset=\"http:\/\/www.ljubljanamtbvikend.si\/wp-content\/uploads\/2022\/09\/220918-endgt-72-1024x683.jpg 1024w, http:\/\/www.ljubljanamtbvikend.si\/wp-content\/uploads\/2022\/09\/220918-endgt-72-300x200.jpg 300w, http:\/\/www.ljubljanamtbvikend.si\/wp-content\/uploads\/2022\/09\/220918-endgt-72-768x512.jpg 768w, http:\/\/www.ljubljanamtbvikend.si\/wp-content\/uploads\/2022\/09\/220918-endgt-72-1536x1024.jpg 1536w, http:\/\/www.ljubljanamtbvikend.si\/wp-content\/uploads\/2022\/09\/220918-endgt-72-2048x1365.jpg 2048w\" sizes=\"auto, (max-width: 1024px) 100vw, 1024px\" \/><\/figure>\n\n\n\n<figure class=\"wp-block-image size-large\"><img loading=\"lazy\" decoding=\"async\" width=\"1024\" height=\"683\" data-id=\"3139\" src=\"http:\/\/www.ljubljanamtbvikend.si\/wp-content\/uploads\/2022\/09\/220918-endgt-81-1024x683.jpg\" alt=\"\" class=\"wp-image-3139\" srcset=\"http:\/\/www.ljubljanamtbvikend.si\/wp-content\/uploads\/2022\/09\/220918-endgt-81-1024x683.jpg 1024w, http:\/\/www.ljubljanamtbvikend.si\/wp-content\/uploads\/2022\/09\/220918-endgt-81-300x200.jpg 300w, http:\/\/www.ljubljanamtbvikend.si\/wp-content\/uploads\/2022\/09\/220918-endgt-81-768x512.jpg 768w, http:\/\/www.ljubljanamtbvikend.si\/wp-content\/uploads\/2022\/09\/220918-endgt-81-1536x1024.jpg 1536w, http:\/\/www.ljubljanamtbvikend.si\/wp-content\/uploads\/2022\/09\/220918-endgt-81-2048x1365.jpg 2048w\" sizes=\"auto, (max-width: 1024px) 100vw, 1024px\" \/><\/figure>\n\n\n\n<figure class=\"wp-block-image size-large\"><img loading=\"lazy\" decoding=\"async\" width=\"1024\" height=\"683\" data-id=\"3138\" src=\"http:\/\/www.ljubljanamtbvikend.si\/wp-content\/uploads\/2022\/09\/220918-endgt-100-1024x683.jpg\" alt=\"\" class=\"wp-image-3138\" srcset=\"http:\/\/www.ljubljanamtbvikend.si\/wp-content\/uploads\/2022\/09\/220918-endgt-100-1024x683.jpg 1024w, http:\/\/www.ljubljanamtbvikend.si\/wp-content\/uploads\/2022\/09\/220918-endgt-100-300x200.jpg 300w, http:\/\/www.ljubljanamtbvikend.si\/wp-content\/uploads\/2022\/09\/220918-endgt-100-768x512.jpg 768w, http:\/\/www.ljubljanamtbvikend.si\/wp-content\/uploads\/2022\/09\/220918-endgt-100-1536x1024.jpg 1536w, http:\/\/www.ljubljanamtbvikend.si\/wp-content\/uploads\/2022\/09\/220918-endgt-100-2048x1365.jpg 2048w\" sizes=\"auto, (max-width: 1024px) 100vw, 1024px\" \/><\/figure>\n\n\n\n<figure class=\"wp-block-image size-large\"><img loading=\"lazy\" decoding=\"async\" width=\"1024\" height=\"683\" data-id=\"3142\" src=\"http:\/\/www.ljubljanamtbvikend.si\/wp-content\/uploads\/2022\/09\/220918-endgt-112-1024x683.jpg\" alt=\"\" class=\"wp-image-3142\" srcset=\"http:\/\/www.ljubljanamtbvikend.si\/wp-content\/uploads\/2022\/09\/220918-endgt-112-1024x683.jpg 1024w, http:\/\/www.ljubljanamtbvikend.si\/wp-content\/uploads\/2022\/09\/220918-endgt-112-300x200.jpg 300w, http:\/\/www.ljubljanamtbvikend.si\/wp-content\/uploads\/2022\/09\/220918-endgt-112-768x512.jpg 768w, http:\/\/www.ljubljanamtbvikend.si\/wp-content\/uploads\/2022\/09\/220918-endgt-112-1536x1024.jpg 1536w, http:\/\/www.ljubljanamtbvikend.si\/wp-content\/uploads\/2022\/09\/220918-endgt-112-2048x1365.jpg 2048w\" sizes=\"auto, (max-width: 1024px) 100vw, 1024px\" \/><\/figure>\n\n\n\n<figure class=\"wp-block-image size-large\"><img loading=\"lazy\" decoding=\"async\" width=\"1024\" height=\"683\" data-id=\"3141\" src=\"http:\/\/www.ljubljanamtbvikend.si\/wp-content\/uploads\/2022\/09\/220918-endgt-138-1024x683.jpg\" alt=\"\" class=\"wp-image-3141\" srcset=\"http:\/\/www.ljubljanamtbvikend.si\/wp-content\/uploads\/2022\/09\/220918-endgt-138-1024x683.jpg 1024w, http:\/\/www.ljubljanamtbvikend.si\/wp-content\/uploads\/2022\/09\/220918-endgt-138-300x200.jpg 300w, http:\/\/www.ljubljanamtbvikend.si\/wp-content\/uploads\/2022\/09\/220918-endgt-138-768x512.jpg 768w, http:\/\/www.ljubljanamtbvikend.si\/wp-content\/uploads\/2022\/09\/220918-endgt-138-1536x1024.jpg 1536w, http:\/\/www.ljubljanamtbvikend.si\/wp-content\/uploads\/2022\/09\/220918-endgt-138-2048x1365.jpg 2048w\" sizes=\"auto, (max-width: 1024px) 100vw, 1024px\" \/><\/figure>\n\n\n\n<figure class=\"wp-block-image size-large\"><img loading=\"lazy\" decoding=\"async\" width=\"1024\" height=\"683\" data-id=\"3144\" src=\"http:\/\/www.ljubljanamtbvikend.si\/wp-content\/uploads\/2022\/09\/220918-endgt-141-1024x683.jpg\" alt=\"\" class=\"wp-image-3144\" srcset=\"http:\/\/www.ljubljanamtbvikend.si\/wp-content\/uploads\/2022\/09\/220918-endgt-141-1024x683.jpg 1024w, http:\/\/www.ljubljanamtbvikend.si\/wp-content\/uploads\/2022\/09\/220918-endgt-141-300x200.jpg 300w, http:\/\/www.ljubljanamtbvikend.si\/wp-content\/uploads\/2022\/09\/220918-endgt-141-768x512.jpg 768w, http:\/\/www.ljubljanamtbvikend.si\/wp-content\/uploads\/2022\/09\/220918-endgt-141-1536x1024.jpg 1536w, http:\/\/www.ljubljanamtbvikend.si\/wp-content\/uploads\/2022\/09\/220918-endgt-141-2048x1365.jpg 2048w\" sizes=\"auto, (max-width: 1024px) 100vw, 1024px\" \/><\/figure>\n\n\n\n<figure class=\"wp-block-image size-large\"><img loading=\"lazy\" decoding=\"async\" width=\"1024\" height=\"683\" data-id=\"3145\" src=\"http:\/\/www.ljubljanamtbvikend.si\/wp-content\/uploads\/2022\/09\/220918-endgt-146-1024x683.jpg\" alt=\"\" class=\"wp-image-3145\" srcset=\"http:\/\/www.ljubljanamtbvikend.si\/wp-content\/uploads\/2022\/09\/220918-endgt-146-1024x683.jpg 1024w, http:\/\/www.ljubljanamtbvikend.si\/wp-content\/uploads\/2022\/09\/220918-endgt-146-300x200.jpg 300w, http:\/\/www.ljubljanamtbvikend.si\/wp-content\/uploads\/2022\/09\/220918-endgt-146-768x512.jpg 768w, http:\/\/www.ljubljanamtbvikend.si\/wp-content\/uploads\/2022\/09\/220918-endgt-146-1536x1024.jpg 1536w, http:\/\/www.ljubljanamtbvikend.si\/wp-content\/uploads\/2022\/09\/220918-endgt-146-2048x1365.jpg 2048w\" sizes=\"auto, (max-width: 1024px) 100vw, 1024px\" \/><\/figure>\n\n\n\n<figure class=\"wp-block-image size-large\"><img loading=\"lazy\" decoding=\"async\" width=\"1024\" height=\"683\" data-id=\"3146\" src=\"http:\/\/www.ljubljanamtbvikend.si\/wp-content\/uploads\/2022\/09\/220918-endgt-150-1024x683.jpg\" alt=\"\" class=\"wp-image-3146\" srcset=\"http:\/\/www.ljubljanamtbvikend.si\/wp-content\/uploads\/2022\/09\/220918-endgt-150-1024x683.jpg 1024w, http:\/\/www.ljubljanamtbvikend.si\/wp-content\/uploads\/2022\/09\/220918-endgt-150-300x200.jpg 300w, http:\/\/www.ljubljanamtbvikend.si\/wp-content\/uploads\/2022\/09\/220918-endgt-150-768x512.jpg 768w, http:\/\/www.ljubljanamtbvikend.si\/wp-content\/uploads\/2022\/09\/220918-endgt-150-1536x1024.jpg 1536w, http:\/\/www.ljubljanamtbvikend.si\/wp-content\/uploads\/2022\/09\/220918-endgt-150-2048x1365.jpg 2048w\" sizes=\"auto, (max-width: 1024px) 100vw, 1024px\" \/><\/figure>\n\n\n\n<figure class=\"wp-block-image size-large\"><img loading=\"lazy\" decoding=\"async\" width=\"1024\" height=\"683\" data-id=\"3143\" src=\"http:\/\/www.ljubljanamtbvikend.si\/wp-content\/uploads\/2022\/09\/220918-endgt-163-1024x683.jpg\" alt=\"\" class=\"wp-image-3143\" srcset=\"http:\/\/www.ljubljanamtbvikend.si\/wp-content\/uploads\/2022\/09\/220918-endgt-163-1024x683.jpg 1024w, http:\/\/www.ljubljanamtbvikend.si\/wp-content\/uploads\/2022\/09\/220918-endgt-163-300x200.jpg 300w, http:\/\/www.ljubljanamtbvikend.si\/wp-content\/uploads\/2022\/09\/220918-endgt-163-768x512.jpg 768w, http:\/\/www.ljubljanamtbvikend.si\/wp-content\/uploads\/2022\/09\/220918-endgt-163-1536x1024.jpg 1536w, http:\/\/www.ljubljanamtbvikend.si\/wp-content\/uploads\/2022\/09\/220918-endgt-163-2048x1365.jpg 2048w\" sizes=\"auto, (max-width: 1024px) 100vw, 1024px\" \/><\/figure>\n\n\n\n<figure class=\"wp-block-image size-large\"><img loading=\"lazy\" decoding=\"async\" width=\"1024\" height=\"683\" data-id=\"3147\" src=\"http:\/\/www.ljubljanamtbvikend.si\/wp-content\/uploads\/2022\/09\/220918-endgt-173-1024x683.jpg\" alt=\"\" class=\"wp-image-3147\" srcset=\"http:\/\/www.ljubljanamtbvikend.si\/wp-content\/uploads\/2022\/09\/220918-endgt-173-1024x683.jpg 1024w, http:\/\/www.ljubljanamtbvikend.si\/wp-content\/uploads\/2022\/09\/220918-endgt-173-300x200.jpg 300w, http:\/\/www.ljubljanamtbvikend.si\/wp-content\/uploads\/2022\/09\/220918-endgt-173-768x512.jpg 768w, http:\/\/www.ljubljanamtbvikend.si\/wp-content\/uploads\/2022\/09\/220918-endgt-173-1536x1024.jpg 1536w, http:\/\/www.ljubljanamtbvikend.si\/wp-content\/uploads\/2022\/09\/220918-endgt-173-2048x1365.jpg 2048w\" sizes=\"auto, (max-width: 1024px) 100vw, 1024px\" \/><\/figure>\n\n\n\n<figure class=\"wp-block-image size-large\"><img loading=\"lazy\" decoding=\"async\" width=\"1024\" height=\"683\" data-id=\"3150\" src=\"http:\/\/www.ljubljanamtbvikend.si\/wp-content\/uploads\/2022\/09\/220918-endgt-188-1024x683.jpg\" alt=\"\" class=\"wp-image-3150\" srcset=\"http:\/\/www.ljubljanamtbvikend.si\/wp-content\/uploads\/2022\/09\/220918-endgt-188-1024x683.jpg 1024w, http:\/\/www.ljubljanamtbvikend.si\/wp-content\/uploads\/2022\/09\/220918-endgt-188-300x200.jpg 300w, http:\/\/www.ljubljanamtbvikend.si\/wp-content\/uploads\/2022\/09\/220918-endgt-188-768x512.jpg 768w, http:\/\/www.ljubljanamtbvikend.si\/wp-content\/uploads\/2022\/09\/220918-endgt-188-1536x1024.jpg 1536w, http:\/\/www.ljubljanamtbvikend.si\/wp-content\/uploads\/2022\/09\/220918-endgt-188-2048x1365.jpg 2048w\" sizes=\"auto, (max-width: 1024px) 100vw, 1024px\" \/><\/figure>\n\n\n\n<figure class=\"wp-block-image size-large\"><img loading=\"lazy\" decoding=\"async\" width=\"1024\" height=\"683\" data-id=\"3149\" src=\"http:\/\/www.ljubljanamtbvikend.si\/wp-content\/uploads\/2022\/09\/220918-endgt-216-1024x683.jpg\" alt=\"\" class=\"wp-image-3149\" srcset=\"http:\/\/www.ljubljanamtbvikend.si\/wp-content\/uploads\/2022\/09\/220918-endgt-216-1024x683.jpg 1024w, http:\/\/www.ljubljanamtbvikend.si\/wp-content\/uploads\/2022\/09\/220918-endgt-216-300x200.jpg 300w, http:\/\/www.ljubljanamtbvikend.si\/wp-content\/uploads\/2022\/09\/220918-endgt-216-768x512.jpg 768w, http:\/\/www.ljubljanamtbvikend.si\/wp-content\/uploads\/2022\/09\/220918-endgt-216-1536x1024.jpg 1536w, http:\/\/www.ljubljanamtbvikend.si\/wp-content\/uploads\/2022\/09\/220918-endgt-216-2048x1365.jpg 2048w\" sizes=\"auto, (max-width: 1024px) 100vw, 1024px\" \/><\/figure>\n\n\n\n<figure class=\"wp-block-image size-large\"><img loading=\"lazy\" decoding=\"async\" width=\"1024\" height=\"683\" data-id=\"3151\" src=\"http:\/\/www.ljubljanamtbvikend.si\/wp-content\/uploads\/2022\/09\/220918-endgt-217-1024x683.jpg\" alt=\"\" class=\"wp-image-3151\" srcset=\"http:\/\/www.ljubljanamtbvikend.si\/wp-content\/uploads\/2022\/09\/220918-endgt-217-1024x683.jpg 1024w, http:\/\/www.ljubljanamtbvikend.si\/wp-content\/uploads\/2022\/09\/220918-endgt-217-300x200.jpg 300w, http:\/\/www.ljubljanamtbvikend.si\/wp-content\/uploads\/2022\/09\/220918-endgt-217-768x512.jpg 768w, http:\/\/www.ljubljanamtbvikend.si\/wp-content\/uploads\/2022\/09\/220918-endgt-217-1536x1024.jpg 1536w, http:\/\/www.ljubljanamtbvikend.si\/wp-content\/uploads\/2022\/09\/220918-endgt-217-2048x1365.jpg 2048w\" sizes=\"auto, (max-width: 1024px) 100vw, 1024px\" \/><\/figure>\n\n\n\n<figure class=\"wp-block-image size-large\"><img loading=\"lazy\" decoding=\"async\" width=\"1024\" height=\"683\" data-id=\"3148\" src=\"http:\/\/www.ljubljanamtbvikend.si\/wp-content\/uploads\/2022\/09\/220918-endgt-226-1024x683.jpg\" alt=\"\" class=\"wp-image-3148\" srcset=\"http:\/\/www.ljubljanamtbvikend.si\/wp-content\/uploads\/2022\/09\/220918-endgt-226-1024x683.jpg 1024w, http:\/\/www.ljubljanamtbvikend.si\/wp-content\/uploads\/2022\/09\/220918-endgt-226-300x200.jpg 300w, http:\/\/www.ljubljanamtbvikend.si\/wp-content\/uploads\/2022\/09\/220918-endgt-226-768x512.jpg 768w, http:\/\/www.ljubljanamtbvikend.si\/wp-content\/uploads\/2022\/09\/220918-endgt-226-1536x1024.jpg 1536w, http:\/\/www.ljubljanamtbvikend.si\/wp-content\/uploads\/2022\/09\/220918-endgt-226-2048x1365.jpg 2048w\" sizes=\"auto, (max-width: 1024px) 100vw, 1024px\" \/><\/figure>\n<\/figure>","protected":false},"excerpt":{"rendered":"<p>Sorry, this entry is only available in Sloven\u0161\u010dina. Po koncu pokalne serije SloEnduro \u0161e malo bolj spro\u0161\u010deno dirkanje v Ljubljani v okviru festivala Ljubljana MTB vikend. Dvestoterica udele\u017eencev se v &#8230;<\/p>\n","protected":false},"author":3,"featured_media":3144,"comment_status":"closed","ping_status":"closed","sticky":false,"template":"","format":"standard","meta":{"footnotes":""},"categories":[1],"tags":[],"class_list":["post-3134","post","type-post","status-publish","format-standard","has-post-thumbnail","hentry","category-uncategorized"],"_links":{"self":[{"href":"http:\/\/www.ljubljanamtbvikend.si\/en\/wp-json\/wp\/v2\/posts\/3134","targetHints":{"allow":["GET"]}}],"collection":[{"href":"http:\/\/www.ljubljanamtbvikend.si\/en\/wp-json\/wp\/v2\/posts"}],"about":[{"href":"http:\/\/www.ljubljanamtbvikend.si\/en\/wp-json\/wp\/v2\/types\/post"}],"author":[{"embeddable":true,"href":"http:\/\/www.ljubljanamtbvikend.si\/en\/wp-json\/wp\/v2\/users\/3"}],"replies":[{"embeddable":true,"href":"http:\/\/www.ljubljanamtbvikend.si\/en\/wp-json\/wp\/v2\/comments?post=3134"}],"version-history":[{"count":0,"href":"http:\/\/www.ljubljanamtbvikend.si\/en\/wp-json\/wp\/v2\/posts\/3134\/revisions"}],"wp:featuredmedia":[{"embeddable":true,"href":"http:\/\/www.ljubljanamtbvikend.si\/en\/wp-json\/wp\/v2\/media\/3144"}],"wp:attachment":[{"href":"http:\/\/www.ljubljanamtbvikend.si\/en\/wp-json\/wp\/v2\/media?parent=3134"}],"wp:term":[{"taxonomy":"category","embeddable":true,"href":"http:\/\/www.ljubljanamtbvikend.si\/en\/wp-json\/wp\/v2\/categories?post=3134"},{"taxonomy":"post_tag","embeddable":true,"href":"http:\/\/www.ljubljanamtbvikend.si\/en\/wp-json\/wp\/v2\/tags?post=3134"}],"curies":[{"name":"wp","href":"https:\/\/api.w.org\/{rel}","templated":true}]}}